{"id":3453,"date":"2022-10-20T13:08:00","date_gmt":"2022-10-20T11:08:00","guid":{"rendered":"https:\/\/www.champi-net.ch\/?p=3453"},"modified":"2022-10-20T13:10:34","modified_gmt":"2022-10-20T11:10:34","slug":"rencontre-vd-vs-du-8-oct-22","status":"publish","type":"post","link":"https:\/\/www.champi-net.ch\/?p=3453","title":{"rendered":"Rencontre VD-VS du 8 oct. 22"},"content":{"rendered":"\n<p><a href=\"https:\/\/www.champi-net.ch\/wp-content\/uploads\/2022\/10\/VD-VS-1.png\" rel=\"lightbox[3453]\"><img loading=\"lazy\" decoding=\"async\" class=\"wp-image-3454 alignleft\" src=\"https:\/\/www.champi-net.ch\/wp-content\/uploads\/2022\/10\/VD-VS-1.png\" alt=\"\" width=\"290\" height=\"196\" \/><\/a>C\u2019est par un samedi matin couvert, qu\u2019une bonne trentaine de participants sont accueillis par V\u00e9ronique Tavernier, pr\u00e9sidente du cercle de Bex. Elle nous souhaite la bienvenue et nous propose un caf\u00e9-croissant.<\/p>\n<p>\u00a0<\/p>\n<p>\u00a0<\/p>\n<p>Olivier Jacquemet , responsable de la CE, pr\u00e9sente le refuge du Fahy comme un site au riche pass\u00e9 historique, il y avait un grand h\u00f4tel avec des bains. Olivier nous invite \u00e0 herboriser dans la for\u00eat \u00e0 proximit\u00e9. Une multitude de champignons magnifique est d\u00e9pos\u00e9e sur une table en pierre. Question m\u00e9t\u00e9o, la fra\u00eecheur est au rendez-vous.<\/p>\n<p>\u00a0<\/p>\n<p><a href=\"https:\/\/www.champi-net.ch\/wp-content\/uploads\/2022\/10\/VD-VS-2.jpg.png\" rel=\"lightbox[3453]\"><img loading=\"lazy\" decoding=\"async\" class=\"wp-image-3455 alignleft\" src=\"https:\/\/www.champi-net.ch\/wp-content\/uploads\/2022\/10\/VD-VS-2.jpg.png\" alt=\"\" width=\"184\" height=\"139\" srcset=\"https:\/\/www.champi-net.ch\/wp-content\/uploads\/2022\/10\/VD-VS-2.jpg.png 456w, https:\/\/www.champi-net.ch\/wp-content\/uploads\/2022\/10\/VD-VS-2.jpg-300x225.png 300w, https:\/\/www.champi-net.ch\/wp-content\/uploads\/2022\/10\/VD-VS-2.jpg-400x300.png 400w\" sizes=\"auto, (max-width: 184px) 100vw, 184px\" \/><\/a><a href=\"https:\/\/www.champi-net.ch\/wp-content\/uploads\/2022\/10\/VD-VS-3.png\" rel=\"lightbox[3453]\"><img loading=\"lazy\" decoding=\"async\" class=\"alignright  wp-image-3456\" src=\"https:\/\/www.champi-net.ch\/wp-content\/uploads\/2022\/10\/VD-VS-3.png\" alt=\"\" width=\"199\" height=\"136\" \/><\/a>Trois experts commentent la table\u00a0: Christophe Florey, Isabelle Favre sp\u00e9cialiste des cortinaires et Bernard Desponds.<\/p>\n<p>\u00a0<\/p>\n<p><a href=\"https:\/\/www.champi-net.ch\/wp-content\/uploads\/2022\/10\/VD-VS-4.png\" rel=\"lightbox[3453]\"><img loading=\"lazy\" decoding=\"async\" class=\"wp-image-3457 alignright\" src=\"https:\/\/www.champi-net.ch\/wp-content\/uploads\/2022\/10\/VD-VS-4.png\" alt=\"\" width=\"124\" height=\"162\" \/><\/a><\/p>\n<p>On peut noter entre autres <em>l\u2019Hygrophoropsis<\/em> <em>Aurantiaca<\/em> et sa peau de p\u00eache, <em>l\u2019Hygrophore Russule<\/em> avec son chapeau un peu rose et tachet\u00e9, la famille des <em>tricholomes<\/em>\u00a0:<em>Equestre, Pseudoalbum, Acerbum et Aurantium<\/em>, <em>l\u2019Amanite Echinoc\u00e9phala, le Coprinus Picaceus,<\/em> ainsi que le rare <em>Lyophyllum Favrei<\/em> reconnaissable \u00e0 ses lames jaunes.<\/p>\n<p>\u00a0<\/p>\n<p><a href=\"https:\/\/www.champi-net.ch\/wp-content\/uploads\/2022\/10\/VD-VS-5.png\" rel=\"lightbox[3453]\"><img loading=\"lazy\" decoding=\"async\" class=\"wp-image-3458 alignleft\" src=\"https:\/\/www.champi-net.ch\/wp-content\/uploads\/2022\/10\/VD-VS-5.png\" alt=\"\" width=\"194\" height=\"150\" \/><\/a>Raymonde Cornu, pr\u00e9sidente de l\u2019UVSM (union vaudoise de soci\u00e9t\u00e9s mycologiques) remercie l\u2019ACVM pour l\u2019ap\u00e9ro offert. Jacky Blanc, pr\u00e9sident de l\u2019ACVM propose de faire une sortie un dimanche en Valais.<\/p>\n<p>F\u00e9licitation au cercle de Bex pour son accueil chaleureux et sa bonne organisation.<\/p>\n","protected":false},"excerpt":{"rendered":"<p>C\u2019est par un samedi matin couvert, qu\u2019une bonne trentaine de participants sont accueillis par V\u00e9ronique Tavernier, pr\u00e9sidente du cercle de Bex. Elle nous souhaite la bienvenue et nous propose un caf\u00e9-croissant. \u00a0 \u00a0 Olivier Jacquemet , responsable de la CE, &hellip; <a href=\"https:\/\/www.champi-net.ch\/?p=3453\">Continuer la lecture <span class=\"meta-nav\">&rarr;<\/span><\/a><\/p>\n","protected":false},"author":4,"featured_media":0,"comment_status":"closed","ping_status":"closed","sticky":false,"template":"","format":"standard","meta":{"footnotes":""},"categories":[1],"tags":[],"class_list":["post-3453","post","type-post","status-publish","format-standard","hentry","category-commission-detude"],"_links":{"self":[{"href":"https:\/\/www.champi-net.ch\/index.php?rest_route=\/wp\/v2\/posts\/3453","targetHints":{"allow":["GET"]}}],"collection":[{"href":"https:\/\/www.champi-net.ch\/index.php?rest_route=\/wp\/v2\/posts"}],"about":[{"href":"https:\/\/www.champi-net.ch\/index.php?rest_route=\/wp\/v2\/types\/post"}],"author":[{"embeddable":true,"href":"https:\/\/www.champi-net.ch\/index.php?rest_route=\/wp\/v2\/users\/4"}],"replies":[{"embeddable":true,"href":"https:\/\/www.champi-net.ch\/index.php?rest_route=%2Fwp%2Fv2%2Fcomments&post=3453"}],"version-history":[{"count":8,"href":"https:\/\/www.champi-net.ch\/index.php?rest_route=\/wp\/v2\/posts\/3453\/revisions"}],"predecessor-version":[{"id":3467,"href":"https:\/\/www.champi-net.ch\/index.php?rest_route=\/wp\/v2\/posts\/3453\/revisions\/3467"}],"wp:attachment":[{"href":"https:\/\/www.champi-net.ch\/index.php?rest_route=%2Fwp%2Fv2%2Fmedia&parent=3453"}],"wp:term":[{"taxonomy":"category","embeddable":true,"href":"https:\/\/www.champi-net.ch\/index.php?rest_route=%2Fwp%2Fv2%2Fcategories&post=3453"},{"taxonomy":"post_tag","embeddable":true,"href":"https:\/\/www.champi-net.ch\/index.php?rest_route=%2Fwp%2Fv2%2Ftags&post=3453"}],"curies":[{"name":"wp","href":"https:\/\/api.w.org\/{rel}","templated":true}]}}